{"id":791,"date":"2019-03-17T22:07:15","date_gmt":"2019-03-17T21:07:15","guid":{"rendered":"http:\/\/www.planvertical.ch\/site\/?p=791"},"modified":"2019-08-07T19:58:40","modified_gmt":"2019-08-07T18:58:40","slug":"une-journee-bricole-a-bravo-lapp","status":"publish","type":"post","link":"http:\/\/www.planvertical.ch\/site\/une-journee-bricole-a-bravo-lapp\/","title":{"rendered":"Une journ\u00e9e bricole \u00e0 Bravo Lapp"},"content":{"rendered":"<p><a href=\"http:\/\/www.planvertical.ch\/site\/wp-content\/uploads\/2019\/03\/lapp-new.jpg\"><img loading=\"lazy\" class=\"alignnone size-medium wp-image-792\" alt=\"lapp new\" src=\"http:\/\/www.planvertical.ch\/site\/wp-content\/uploads\/2019\/03\/lapp-new-300x225.jpg\" width=\"300\" height=\"225\" srcset=\"http:\/\/www.planvertical.ch\/site\/wp-content\/uploads\/2019\/03\/lapp-new-300x225.jpg 300w, http:\/\/www.planvertical.ch\/site\/wp-content\/uploads\/2019\/03\/lapp-new-1024x768.jpg 1024w, http:\/\/www.planvertical.ch\/site\/wp-content\/uploads\/2019\/03\/lapp-new-210x157.jpg 210w, http:\/\/www.planvertical.ch\/site\/wp-content\/uploads\/2019\/03\/lapp-new.jpg 2016w\" sizes=\"(max-width: 300px) 100vw, 300px\" \/><\/a><a href=\"http:\/\/www.planvertical.ch\/site\/wp-content\/uploads\/2019\/03\/IMG_3001.jpg\"><img loading=\"lazy\" class=\"alignnone size-medium wp-image-793\" alt=\"IMG_3001\" src=\"http:\/\/www.planvertical.ch\/site\/wp-content\/uploads\/2019\/03\/IMG_3001-185x300.jpg\" width=\"185\" height=\"300\" srcset=\"http:\/\/www.planvertical.ch\/site\/wp-content\/uploads\/2019\/03\/IMG_3001-185x300.jpg 185w, http:\/\/www.planvertical.ch\/site\/wp-content\/uploads\/2019\/03\/IMG_3001-632x1024.jpg 632w, http:\/\/www.planvertical.ch\/site\/wp-content\/uploads\/2019\/03\/IMG_3001-210x339.jpg 210w, http:\/\/www.planvertical.ch\/site\/wp-content\/uploads\/2019\/03\/IMG_3001.jpg 1173w\" sizes=\"(max-width: 185px) 100vw, 185px\" \/><\/a><\/p>\n<p>Une premi\u00e8re longueur scind\u00e9e en deux pour davantage de\u00a0confort pour le d\u00e9part de Bravo Lapp et\u00a0une variante plus facile \u00e0 gauche l&rsquo;\u00e9caille a \u00e9t\u00e9 \u00e9quip\u00e9e.<br \/>\nSuite \u00e0 un \u00e9boulement dans Miles d\u00e9visse un point a d\u00fb \u00eatre replac\u00e9 dans la deuxi\u00e8me longueur.<br \/>\nOn pense \u00e0 vous ! Octobre 2018.<\/p>\n","protected":false},"excerpt":{"rendered":"<p>Une premi\u00e8re longueur scind\u00e9e en deux pour davantage de\u00a0confort pour le d\u00e9part de Bravo Lapp et\u00a0une variante plus facile \u00e0&hellip;<\/p>\n","protected":false},"author":1,"featured_media":793,"comment_status":"open","ping_status":"open","sticky":false,"template":"","format":"standard","meta":[],"categories":[10],"tags":[],"_links":{"self":[{"href":"http:\/\/www.planvertical.ch\/site\/wp-json\/wp\/v2\/posts\/791"}],"collection":[{"href":"http:\/\/www.planvertical.ch\/site\/wp-json\/wp\/v2\/posts"}],"about":[{"href":"http:\/\/www.planvertical.ch\/site\/wp-json\/wp\/v2\/types\/post"}],"author":[{"embeddable":true,"href":"http:\/\/www.planvertical.ch\/site\/wp-json\/wp\/v2\/users\/1"}],"replies":[{"embeddable":true,"href":"http:\/\/www.planvertical.ch\/site\/wp-json\/wp\/v2\/comments?post=791"}],"version-history":[{"count":9,"href":"http:\/\/www.planvertical.ch\/site\/wp-json\/wp\/v2\/posts\/791\/revisions"}],"predecessor-version":[{"id":803,"href":"http:\/\/www.planvertical.ch\/site\/wp-json\/wp\/v2\/posts\/791\/revisions\/803"}],"wp:featuredmedia":[{"embeddable":true,"href":"http:\/\/www.planvertical.ch\/site\/wp-json\/wp\/v2\/media\/793"}],"wp:attachment":[{"href":"http:\/\/www.planvertical.ch\/site\/wp-json\/wp\/v2\/media?parent=791"}],"wp:term":[{"taxonomy":"category","embeddable":true,"href":"http:\/\/www.planvertical.ch\/site\/wp-json\/wp\/v2\/categories?post=791"},{"taxonomy":"post_tag","embeddable":true,"href":"http:\/\/www.planvertical.ch\/site\/wp-json\/wp\/v2\/tags?post=791"}],"curies":[{"name":"wp","href":"https:\/\/api.w.org\/{rel}","templated":true}]}}