{"id":782,"date":"2019-03-17T19:30:17","date_gmt":"2019-03-17T18:30:17","guid":{"rendered":"http:\/\/www.planvertical.ch\/site\/?p=782"},"modified":"2019-12-06T20:34:53","modified_gmt":"2019-12-06T19:34:53","slug":"assemblee-generale-2019","status":"publish","type":"post","link":"http:\/\/www.planvertical.ch\/site\/assemblee-generale-2019\/","title":{"rendered":"Assembl\u00e9e g\u00e9n\u00e9rale 2019"},"content":{"rendered":"<div title=\"Page 1\">\n<div>\n<div>\n<p>Proc\u00e8s-verbal de la 9e\u00a0ASSEMBLEE GENERALE de Plan Vertical<\/p>\n<p>Date et heure : Vendredi 8 mars 2019 | 19h30 \u2013 21h00 Lieu : Rue de la Mairie 17, 1905 Dor\u00e9naz<\/p>\n<p>Comit\u00e9 :<\/p>\n<p>Marianne CHAPUISAT, Fran\u00e7ois-Joseph RODUIT, Bertrand GENTIZON (proc\u00e8s-verbal)<\/p>\n<p>Pr\u00e9sences :<\/p>\n<p>Michael KIMBER, Beno\u00eet CRETTENAND, Yvan COLLIARD, Christiane COLLIARD, David MAX, Jo\u00ebl STRECKER, Rapha\u00ebl MICHELLOD, Didier AN\u00c7AY, Xavier METTAZ, Marie-Jeanne HUGON METTAZ, Fred BEGUEC, Mireille VUADENS, Ewan ROCHE, Emmanuelle AN\u00c7AY, Mathieu COSSUTTA, Jean-Bernard WINKLER, Maurice COCHAND, Laurent JACOB, Philippe GAY, Bruno CLOCHE<\/p>\n<p>Excus\u00e9s\u00a0:<br \/>\nVincent Hentsch, Yvan D\u00e9praz, Marie-Claire Zwahlen, H\u00e9l\u00e8ne B\u00e9trisey et famille, Emily Farquet bient\u00f4t Sierro, Yvan Bender, Monique et Marcel Noverraz, Philippe Beytrison, Patrick Gaudin, Carine Durussel, Rapha\u00ebl Corthay, Dylan Tramaux, Patrick V\u00e9rolet, Tom Redureau, La\u00efna Moret, J\u00e9r\u00f4me et B\u00e9atrice Vielle, Christiane Besson et famille, Patrice Exquis, Yves Ecoeur, Jo\u00ebl Rossier, Philippe Gostelli, Michel Vasserot, Anne Berguerand, Ludivine Luisier, Virginie Crettenand, Pierre Starobinski<\/p>\n<p>Les grands absents:<\/p>\n<p>Naguy et Gilbert Max. Une pens\u00e9e empathique et silencieuse pour eux1) Adoption du proc\u00e8s-verbal de l\u2019assembl\u00e9e g\u00e9n\u00e9rale 2018<\/p>\n<p>&#8211; Le PV est adopt\u00e9 \u00e0 l\u2019unanimit\u00e9<\/p>\n<p>2) Membres<br \/>\n&#8211; 282 membres<\/p>\n<p>3) Rapport d\u2019activit\u00e9 volets :<\/p>\n<p>1. La formation : journ\u00e9e 14 septembre<br \/>\n2. Les journ\u00e9es \u00abactivit\u00e9s plus\u00bb: yoga-brunch du 6 mai et petit vernissage-ap\u00e9ro du 26 mai 3. Gros travail sur le site et petit pont du Daillet. Et un nouveau garage!<br \/>\n4. Les chantiers et m\u00e9diations : interventions sur 16 sites<\/p>\n<p>4) Comptes 2018. Rapport des v\u00e9rificateurs des comptes, approbation des comptes et d\u00e9charge au caissier.<br \/>\nRapport de la caissi\u00e8re :<br \/>\n&#8211; L\u2019ann\u00e9e 2018 boucle avec un solde en banque de Frs. 11 322.65.<\/p>\n<p>&#8211; Le total des dons et cotisations s\u2019\u00e9l\u00e8vent \u00e0 Frs 12771.-.<br \/>\n&#8211; Du mat\u00e9riel divers a \u00e9t\u00e9 achet\u00e9 pour Frs 6092.67.<br \/>\n&#8211; Il a encore \u00e9t\u00e9 octroy\u00e9 un montant de Frs 1000.- pour les d\u00e9fraiements \u00e0 divers \u00e9quipeurs et nettoyeurs. &#8211; Le local lou\u00e9 pour le mat\u00e9riel est revenu \u00e0 540.-.<br \/>\n&#8211; Les frais de publicit\u00e9 repr\u00e9sentent 455.- et les frais de manifestations 636.15.-<br \/>\n&#8211; Il reste 2067.69.- de frais de fonctionnement.<\/p>\n<p>&#8211; Les comptes 2018 sont adopt\u00e9s \u00e0 l\u2019unanimit\u00e9 et d\u00e9charge est donn\u00e9e \u00e0 la caissi\u00e8re<\/p>\n<p>5) Comit\u00e9. Places \u00e0 pourvoir<br \/>\n&#8211; Annick PRAZ : un petit Elie occupe notre jeune maman: Annick a d\u00e9missionn\u00e9. Bravo \u00e0 elle et grand merci pour les comptes. Beaucoup de bonheur sur son chemin !<\/p>\n<p>&#8211; Jean-Marie MOOS et Jean-Marie PORCELLANA ont d\u00e9missionn\u00e9 du comit\u00e9. Grand merci pour toutes ces ann\u00e9es de partage et la belle \u00e9nergie investie.<br \/>\n&#8211; Marie-Jeanne HUGON rejoint le comit\u00e9 comme caissi\u00e8re ; elle est chaleureusement remerci\u00e9e et applaudie &#8211; Beno\u00eet CRETTENAND soutient le comit\u00e9 pour la gestion du mat\u00e9riel<\/p>\n<p>&#8211; Eric BLANC rejoindra le comit\u00e9 d\u00e8s le d\u00e9but de l\u2019\u00e9t\u00e9<br \/>\n&#8211; Xavier METTAZ accepte la fonction de 2e\u00a0v\u00e9rificateur des comptes &#8211; Le comit\u00e9 cherche un ou une secr\u00e9taire<\/p>\n<\/div>\n<\/div>\n<\/div>\n<div title=\"Page 2\">\n<div>\n<div>\n<p>6) Projets 2019 (\u00e9tat au 8 mars 2019)<br \/>\n&#8211; 3 volets : formation, \u00abactivit\u00e9s plus \u00bb, chantiers et m\u00e9diations &#8211; interventions sur 16 sites<\/p>\n<p>7) Adoption du budget 2019<\/p>\n<\/div>\n<\/div>\n<table>\n<colgroup>\n<col \/>\n<col \/>\n<col \/><\/colgroup>\n<tbody>\n<tr>\n<td>\n<div>\n<div>\n<p>Libell\u00e9<\/p>\n<\/div>\n<\/div>\n<\/td>\n<td>\n<div>\n<div>\n<p>D\u00e9penses<\/p>\n<\/div>\n<\/div>\n<\/td>\n<td>\n<div>\n<div>\n<p>Recettes<\/p>\n<\/div>\n<\/div>\n<\/td>\n<\/tr>\n<tr>\n<td>\n<div>\n<div>\n<p>Dons et cotisations<\/p>\n<\/div>\n<\/div>\n<\/td>\n<td><img loading=\"lazy\" alt=\"page2image8584\" src=\"blob:http:\/\/www.planvertical.ch\/656872b3-6b60-431f-8823-7f4ce8ecc1d2\" width=\"0.480000\" height=\"0.480000\" \/>\u00a0<img loading=\"lazy\" alt=\"page2image8904\" src=\"blob:http:\/\/www.planvertical.ch\/81dd4a62-f9c2-44d4-b4a8-55f08304e823\" width=\"0.480000\" height=\"0.480000\" \/>\u00a0<img loading=\"lazy\" alt=\"page2image9064\" src=\"blob:http:\/\/www.planvertical.ch\/12a265d2-ef48-4258-b6aa-5681a7eda416\" width=\"0.480000\" height=\"0.480000\" \/><\/td>\n<td><img loading=\"lazy\" alt=\"page2image10008\" src=\"blob:http:\/\/www.planvertical.ch\/7db3004b-a7f3-42f1-99f2-1ee2b39c8c98\" width=\"0.480000\" height=\"0.480000\" \/>\u00a0<img loading=\"lazy\" alt=\"page2image10168\" src=\"blob:http:\/\/www.planvertical.ch\/dd12f63e-9ffb-4e73-b858-0e35f3dac7c9\" width=\"0.480000\" height=\"0.480000\" \/><\/p>\n<div>\n<div>\n<p>fr. 12 500.00<\/p>\n<\/div>\n<\/div>\n<\/td>\n<\/tr>\n<tr>\n<td>\n<div>\n<div>\n<p>Mat\u00e9riel d&rsquo;\u00e8quipement<\/p>\n<\/div>\n<\/div>\n<\/td>\n<td>\n<div>\n<div>\n<p>fr. 3 000.00<\/p>\n<\/div>\n<\/div>\n<\/td>\n<td><\/td>\n<\/tr>\n<tr>\n<td>\n<div>\n<div>\n<p>Location local<\/p>\n<\/div>\n<\/div>\n<\/td>\n<td><img loading=\"lazy\" alt=\"page2image15824\" src=\"blob:http:\/\/www.planvertical.ch\/fe520585-1b0e-4f7f-96c5-ef93c246d457\" width=\"0.480000\" height=\"0.480000\" \/>\u00a0<img loading=\"lazy\" alt=\"page2image16144\" src=\"blob:http:\/\/www.planvertical.ch\/76634450-d09a-4bff-87c1-6845b3169615\" width=\"0.480000\" height=\"0.480000\" \/><\/p>\n<div>\n<div>\n<p>fr. 720.00<\/p>\n<\/div>\n<\/div>\n<\/td>\n<td><img loading=\"lazy\" alt=\"page2image17896\" src=\"blob:http:\/\/www.planvertical.ch\/bb8c75ac-89db-46f1-bbf3-b1e2be95b4a5\" width=\"0.480000\" height=\"0.480000\" \/><\/td>\n<\/tr>\n<tr>\n<td>\n<div>\n<div>\n<p>D\u00e9fraiement 250h \u00e0 20.-\/h<\/p>\n<\/div>\n<\/div>\n<\/td>\n<td>\n<div>\n<div>\n<p>fr. 5 000.00<\/p>\n<\/div>\n<\/div>\n<\/td>\n<td><\/td>\n<\/tr>\n<tr>\n<td>\n<div>\n<div>\n<p>Frais administratifs<\/p>\n<\/div>\n<\/div>\n<\/td>\n<td><img loading=\"lazy\" alt=\"page2image21888\" src=\"blob:http:\/\/www.planvertical.ch\/d0849ba1-5082-48b6-86dc-6a285a362137\" width=\"0.480000\" height=\"0.480000\" \/>\u00a0<img loading=\"lazy\" alt=\"page2image22208\" src=\"blob:http:\/\/www.planvertical.ch\/beebbcb3-6368-4052-afe9-527cff14fc5a\" width=\"0.480000\" height=\"0.480000\" \/><\/p>\n<div>\n<div>\n<p>fr. 1 500.00<\/p>\n<\/div>\n<\/div>\n<\/td>\n<td><img loading=\"lazy\" alt=\"page2image23504\" src=\"blob:http:\/\/www.planvertical.ch\/63b45b72-7987-4704-a8f9-e38ed4e9fcf1\" width=\"0.480000\" height=\"0.480000\" \/><\/td>\n<\/tr>\n<tr>\n<td>\n<div>\n<div>\n<p>Fonctionnement comit\u00e9<\/p>\n<\/div>\n<\/div>\n<\/td>\n<td>\n<div>\n<div>\n<p>fr. 1 000.00<\/p>\n<\/div>\n<\/div>\n<\/td>\n<td><\/td>\n<\/tr>\n<tr>\n<td>\n<div>\n<div>\n<p>Frais manifestation<\/p>\n<\/div>\n<\/div>\n<\/td>\n<td><img loading=\"lazy\" alt=\"page2image28632\" src=\"blob:http:\/\/www.planvertical.ch\/e2228cd1-e7b5-4973-8ab5-5d0ba64b07b4\" width=\"0.480000\" height=\"0.480000\" \/>\u00a0<img loading=\"lazy\" alt=\"page2image28952\" src=\"blob:http:\/\/www.planvertical.ch\/b06b2416-3064-4b2b-8229-f4b12ac0fe62\" width=\"0.480000\" height=\"0.480000\" \/><\/p>\n<div>\n<div>\n<p>fr. 500.00<\/p>\n<\/div>\n<\/div>\n<\/td>\n<td><img loading=\"lazy\" alt=\"page2image30704\" src=\"blob:http:\/\/www.planvertical.ch\/b150bc32-7b8f-4ab0-9b26-dc03e6acbc9c\" width=\"0.480000\" height=\"0.480000\" \/><\/td>\n<\/tr>\n<tr>\n<td>\n<div>\n<div>\n<p>R\u00e9serve<\/p>\n<\/div>\n<\/div>\n<\/td>\n<td>\n<div>\n<div>\n<p>fr. 780.00<\/p>\n<\/div>\n<\/div>\n<\/td>\n<td><\/td>\n<\/tr>\n<tr>\n<td>\n<div>\n<div>\n<p>Total<\/p>\n<\/div>\n<\/div>\n<\/td>\n<td><img loading=\"lazy\" alt=\"page2image35120\" src=\"blob:http:\/\/www.planvertical.ch\/253d5888-bd86-4550-b7df-fdd7eb89f62b\" width=\"0.480000\" height=\"0.480000\" \/>\u00a0<img loading=\"lazy\" alt=\"page2image35440\" src=\"blob:http:\/\/www.planvertical.ch\/160e2f0e-9de7-4937-84ec-3f35cb8c881a\" width=\"0.480000\" height=\"0.480000\" \/><\/p>\n<div>\n<div>\n<p>fr. 12 500.00<\/p>\n<\/div>\n<\/div>\n<\/td>\n<td><img loading=\"lazy\" alt=\"page2image37240\" src=\"blob:http:\/\/www.planvertical.ch\/534e9547-f73d-4fd5-9d2e-46c5f15211f9\" width=\"0.480000\" height=\"0.480000\" \/><\/p>\n<div>\n<div>\n<p>fr. 12 500.00<\/p>\n<\/div>\n<\/div>\n<\/td>\n<\/tr>\n<\/tbody>\n<\/table>\n<div>\n<div>\n<p>&#8211; Le budget 2019 est adopt\u00e9 \u00e0 l\u2019unanimit\u00e9<\/p>\n<p>8) Avant-premi\u00e8re : le nouveau site !<br \/>\n&#8211; l\u2019AG admire un aper\u00e7u du travail d\u2019\u00c9ric Blanc<\/p>\n<p>9) Divers et propositions individuelles<br \/>\n&#8211; Pr\u00e9sentation de la gestion des stocks en ligne par Beno\u00eet CRETTENAND<br \/>\n&#8211; L\u2019AG prend acte que les membres d\u00e9missionnaires du comit\u00e9 ont re\u00e7u\/recevront un cadeau &#8211; Maurice COCHAND sugg\u00e8re que les journ\u00e9es de formation soient ouvertes<\/p>\n<p>Suite au carnotzet<\/p>\n<\/div>\n<\/div>\n<\/div>\n","protected":false},"excerpt":{"rendered":"<p>Proc\u00e8s-verbal de la 9e\u00a0ASSEMBLEE GENERALE de Plan Vertical Date et heure : Vendredi 8 mars 2019 | 19h30 \u2013 21h00&hellip;<\/p>\n","protected":false},"author":1,"featured_media":789,"comment_status":"open","ping_status":"open","sticky":false,"template":"","format":"standard","meta":[],"categories":[10],"tags":[],"_links":{"self":[{"href":"http:\/\/www.planvertical.ch\/site\/wp-json\/wp\/v2\/posts\/782"}],"collection":[{"href":"http:\/\/www.planvertical.ch\/site\/wp-json\/wp\/v2\/posts"}],"about":[{"href":"http:\/\/www.planvertical.ch\/site\/wp-json\/wp\/v2\/types\/post"}],"author":[{"embeddable":true,"href":"http:\/\/www.planvertical.ch\/site\/wp-json\/wp\/v2\/users\/1"}],"replies":[{"embeddable":true,"href":"http:\/\/www.planvertical.ch\/site\/wp-json\/wp\/v2\/comments?post=782"}],"version-history":[{"count":5,"href":"http:\/\/www.planvertical.ch\/site\/wp-json\/wp\/v2\/posts\/782\/revisions"}],"predecessor-version":[{"id":947,"href":"http:\/\/www.planvertical.ch\/site\/wp-json\/wp\/v2\/posts\/782\/revisions\/947"}],"wp:featuredmedia":[{"embeddable":true,"href":"http:\/\/www.planvertical.ch\/site\/wp-json\/wp\/v2\/media\/789"}],"wp:attachment":[{"href":"http:\/\/www.planvertical.ch\/site\/wp-json\/wp\/v2\/media?parent=782"}],"wp:term":[{"taxonomy":"category","embeddable":true,"href":"http:\/\/www.planvertical.ch\/site\/wp-json\/wp\/v2\/categories?post=782"},{"taxonomy":"post_tag","embeddable":true,"href":"http:\/\/www.planvertical.ch\/site\/wp-json\/wp\/v2\/tags?post=782"}],"curies":[{"name":"wp","href":"https:\/\/api.w.org\/{rel}","templated":true}]}}