{"id":352,"date":"2014-03-01T09:41:08","date_gmt":"2014-03-01T08:41:08","guid":{"rendered":"http:\/\/www.planvertical.ch\/site\/?p=352"},"modified":"2018-05-01T07:06:06","modified_gmt":"2018-05-01T06:06:06","slug":"salvan-le-daillet","status":"publish","type":"post","link":"http:\/\/www.planvertical.ch\/site\/salvan-le-daillet\/","title":{"rendered":"Salvan &#8211; Le Daillet"},"content":{"rendered":"<p><a href=\"http:\/\/www.planvertical.ch\/site\/wp-content\/uploads\/2014\/03\/35_daillet_topo_1_7_13.jpg\"><img loading=\"lazy\" class=\"alignnone size-medium wp-image-353\" alt=\"35_daillet_topo_1_7_13\" src=\"http:\/\/www.planvertical.ch\/site\/wp-content\/uploads\/2014\/03\/35_daillet_topo_1_7_13-300x225.jpg\" width=\"300\" height=\"225\" srcset=\"http:\/\/www.planvertical.ch\/site\/wp-content\/uploads\/2014\/03\/35_daillet_topo_1_7_13-300x225.jpg 300w, http:\/\/www.planvertical.ch\/site\/wp-content\/uploads\/2014\/03\/35_daillet_topo_1_7_13-1024x771.jpg 1024w, http:\/\/www.planvertical.ch\/site\/wp-content\/uploads\/2014\/03\/35_daillet_topo_1_7_13-210x158.jpg 210w\" sizes=\"(max-width: 300px) 100vw, 300px\" \/><\/a><\/p>\n<p>&nbsp;<\/p>\n<p>Les souvenirs de belles sensations et d&rsquo;une escalade fine sur ce granite somnolaient dans les m\u00e9moires, le nouvel acc\u00e8s aux gorges du Daillet et la bonne volont\u00e9 de PV \u00a0\u00bb istes \u00a0\u00bb \u00a0; voil\u00e0 un nouveau vieux secteur qui retrouve vie.<br \/>\nPs: une sp\u00e9ciale d\u00e9dicace \u00e0 Laurent Monnet et les agit\u00e9s de la Fontanelles ann\u00e9es 80&prime;.<img loading=\"lazy\" class=\"alignnone size-medium wp-image-356\" style=\"font-size: 12px; line-height: 18px;\" alt=\"554157_674139032598177_431078443_n\" src=\"http:\/\/www.planvertical.ch\/site\/wp-content\/uploads\/2014\/03\/554157_674139032598177_431078443_n-300x213.jpg\" width=\"300\" height=\"213\" srcset=\"http:\/\/www.planvertical.ch\/site\/wp-content\/uploads\/2014\/03\/554157_674139032598177_431078443_n-300x213.jpg 300w, http:\/\/www.planvertical.ch\/site\/wp-content\/uploads\/2014\/03\/554157_674139032598177_431078443_n-210x149.jpg 210w, http:\/\/www.planvertical.ch\/site\/wp-content\/uploads\/2014\/03\/554157_674139032598177_431078443_n.jpg 403w\" sizes=\"(max-width: 300px) 100vw, 300px\" \/>\u00a0Et Lucien bricole encore un peu, brosse la mousse et hop voici quelques lignes en plus.<\/p>\n<p>Infos sur l&rsquo;acc\u00e8s, les voies alentours et quelques photos dans les carnets d&rsquo;escalade sur votre i-Phone.<\/p>\n","protected":false},"excerpt":{"rendered":"<p>&nbsp; Les souvenirs de belles sensations et d&rsquo;une escalade fine sur ce granite somnolaient dans les m\u00e9moires, le nouvel acc\u00e8s&hellip;<\/p>\n","protected":false},"author":1,"featured_media":0,"comment_status":"open","ping_status":"open","sticky":false,"template":"","format":"standard","meta":[],"categories":[1],"tags":[],"_links":{"self":[{"href":"http:\/\/www.planvertical.ch\/site\/wp-json\/wp\/v2\/posts\/352"}],"collection":[{"href":"http:\/\/www.planvertical.ch\/site\/wp-json\/wp\/v2\/posts"}],"about":[{"href":"http:\/\/www.planvertical.ch\/site\/wp-json\/wp\/v2\/types\/post"}],"author":[{"embeddable":true,"href":"http:\/\/www.planvertical.ch\/site\/wp-json\/wp\/v2\/users\/1"}],"replies":[{"embeddable":true,"href":"http:\/\/www.planvertical.ch\/site\/wp-json\/wp\/v2\/comments?post=352"}],"version-history":[{"count":9,"href":"http:\/\/www.planvertical.ch\/site\/wp-json\/wp\/v2\/posts\/352\/revisions"}],"predecessor-version":[{"id":366,"href":"http:\/\/www.planvertical.ch\/site\/wp-json\/wp\/v2\/posts\/352\/revisions\/366"}],"wp:attachment":[{"href":"http:\/\/www.planvertical.ch\/site\/wp-json\/wp\/v2\/media?parent=352"}],"wp:term":[{"taxonomy":"category","embeddable":true,"href":"http:\/\/www.planvertical.ch\/site\/wp-json\/wp\/v2\/categories?post=352"},{"taxonomy":"post_tag","embeddable":true,"href":"http:\/\/www.planvertical.ch\/site\/wp-json\/wp\/v2\/tags?post=352"}],"curies":[{"name":"wp","href":"https:\/\/api.w.org\/{rel}","templated":true}]}}