{"id":1036,"date":"2020-03-20T21:41:20","date_gmt":"2020-03-20T20:41:20","guid":{"rendered":"http:\/\/www.planvertical.ch\/site\/?p=1036"},"modified":"2020-03-20T21:55:16","modified_gmt":"2020-03-20T20:55:16","slug":"kkkkkk","status":"publish","type":"post","link":"http:\/\/www.planvertical.ch\/site\/kkkkkk\/","title":{"rendered":"17\/3\/2020 CORONAVIRUS"},"content":{"rendered":"<p style=\"text-align: left;\"><a href=\"http:\/\/www.planvertical.ch\/site\/wp-content\/uploads\/2020\/03\/PHOTO-2020-03-20-19-59-32.jpg\"><img loading=\"lazy\" class=\"alignnone size-medium wp-image-1039\" alt=\"PHOTO-2020-03-20-19-59-32\" src=\"http:\/\/www.planvertical.ch\/site\/wp-content\/uploads\/2020\/03\/PHOTO-2020-03-20-19-59-32-300x204.jpg\" width=\"300\" height=\"204\" srcset=\"http:\/\/www.planvertical.ch\/site\/wp-content\/uploads\/2020\/03\/PHOTO-2020-03-20-19-59-32-300x204.jpg 300w, http:\/\/www.planvertical.ch\/site\/wp-content\/uploads\/2020\/03\/PHOTO-2020-03-20-19-59-32-210x143.jpg 210w, http:\/\/www.planvertical.ch\/site\/wp-content\/uploads\/2020\/03\/PHOTO-2020-03-20-19-59-32.jpg 671w\" sizes=\"(max-width: 300px) 100vw, 300px\" \/><\/a><\/p>\n<p><strong><em>Suite \u00e0 la d\u00e9cision du Conseil F\u00e9d\u00e9ral interdisant la pratique des sports \u00e0<\/em><\/strong><br \/>\n<strong><em> risques, la commune de Dor\u00e9naz a ferm\u00e9 ses secteurs d&rsquo;escalade. Des contr\u00f4les ont \u00e9galement \u00e9t\u00e9 effectu\u00e9s sur d&rsquo;autres sites, notamment \u00e0 Arbaz.<\/em><\/strong><\/p>\n","protected":false},"excerpt":{"rendered":"<p>Suite \u00e0 la d\u00e9cision du Conseil F\u00e9d\u00e9ral interdisant la pratique des sports \u00e0 risques, la commune de Dor\u00e9naz a ferm\u00e9&hellip;<\/p>\n","protected":false},"author":1,"featured_media":0,"comment_status":"open","ping_status":"open","sticky":false,"template":"","format":"standard","meta":[],"categories":[5],"tags":[],"_links":{"self":[{"href":"http:\/\/www.planvertical.ch\/site\/wp-json\/wp\/v2\/posts\/1036"}],"collection":[{"href":"http:\/\/www.planvertical.ch\/site\/wp-json\/wp\/v2\/posts"}],"about":[{"href":"http:\/\/www.planvertical.ch\/site\/wp-json\/wp\/v2\/types\/post"}],"author":[{"embeddable":true,"href":"http:\/\/www.planvertical.ch\/site\/wp-json\/wp\/v2\/users\/1"}],"replies":[{"embeddable":true,"href":"http:\/\/www.planvertical.ch\/site\/wp-json\/wp\/v2\/comments?post=1036"}],"version-history":[{"count":5,"href":"http:\/\/www.planvertical.ch\/site\/wp-json\/wp\/v2\/posts\/1036\/revisions"}],"predecessor-version":[{"id":1042,"href":"http:\/\/www.planvertical.ch\/site\/wp-json\/wp\/v2\/posts\/1036\/revisions\/1042"}],"wp:attachment":[{"href":"http:\/\/www.planvertical.ch\/site\/wp-json\/wp\/v2\/media?parent=1036"}],"wp:term":[{"taxonomy":"category","embeddable":true,"href":"http:\/\/www.planvertical.ch\/site\/wp-json\/wp\/v2\/categories?post=1036"},{"taxonomy":"post_tag","embeddable":true,"href":"http:\/\/www.planvertical.ch\/site\/wp-json\/wp\/v2\/tags?post=1036"}],"curies":[{"name":"wp","href":"https:\/\/api.w.org\/{rel}","templated":true}]}}